{"id":7984,"date":"2025-05-08T11:51:55","date_gmt":"2025-05-08T09:51:55","guid":{"rendered":"https:\/\/vbw.entwicklung-mediengewerk.de\/kiez-klarenthal-a-place-for-families-that-connects-and-strengthens\/"},"modified":"2025-07-30T12:48:01","modified_gmt":"2025-07-30T10:48:01","slug":"kiez-klarenthal-a-place-for-families-that-connects-and-strengthens","status":"publish","type":"post","link":"https:\/\/www.klarenthal-vbw.de\/en\/kiez-klarenthal-a-place-for-families-that-connects-and-strengthens\/","title":{"rendered":"KiEZ Klarenthal \u2013 a Place for Families that Connects and Strengthens"},"content":{"rendered":"\n<p>In the heart of the vibrant Klarenthal district, the KinderElternZentrum (KiEZ) offers a protected space for families with children aged 0 to 10. Here, parents and children not only find support, but also community and a wide range of educational opportunities. <\/p>\n\n<h2 class=\"wp-block-heading\">A Place for Meeting and Support<\/h2>\n\n<p>The KiEZ Klarenthal sees itself as a point of contact for all families in the district. It offers: <\/p>\n\n<ul class=\"wp-block-list\">\n<li><strong>Open meetings<\/strong> such as the parent caf\u00e9 and the KrabbelTreff, which can be visited without registration.<\/li>\n\n\n\n<li><strong>Consultation services<\/strong> that support parents in educational matters and help with everyday problems.<\/li>\n\n\n\n<li><strong>Courses and group activities<\/strong> such as PEKiP and ZusammenSpiel, which promote the development of children and strengthen parents in their role.<\/li>\n<\/ul>\n\n<p>These offers are free of charge and are aimed at all families, regardless of their origin or life situation.<\/p>\n\n<h2 class=\"wp-block-heading\">Strengthening Parenting Skills<\/h2>\n\n<p>A central goal of the KiEZ is to strengthen parents in their parenting skills. Through the exchange with other parents and professionals, they receive suggestions and support to better cope with everyday family life. Offers such as \u201cE:Du \u2013 Parents and You\u201d offer preventive and holistic learning programs for families with young children.  <\/p>\n\n<h2 class=\"wp-block-heading\">Networking in the District<\/h2>\n\n<p>The KiEZ Klarenthal works closely with other institutions in the district to create a comprehensive support network for families. It cooperates with daycare centers, schools and social facilities in order to coordinate offers and support families in the best possible way. <\/p>\n\n<h2 class=\"wp-block-heading\">Conclusion: a Center for Strong Families<\/h2>\n\n<p>The KiEZ Klarenthal is more than just a place \u2013 it is a lively meeting place that strengthens, connects and accompanies families. Through its diverse offers, it contributes to children growing up healthy and parents feeling secure in their role. It is an indispensable part of social life in Klarenthal and a shining example of community work.  <\/p>\n\n<p><\/p>\n","protected":false},"excerpt":{"rendered":"<p>In the heart of the vibrant Klarenthal district, the KinderElternZentrum (KiEZ) offers a protected space for families with children aged 0 to 10. Here, parents and children not only find support, but also community and a wide range of educational opportunities. A Place for Meeting and Support The KiEZ Klarenthal sees itself as a point [&hellip;]<\/p>\n","protected":false},"author":8,"featured_media":6207,"comment_status":"closed","ping_status":"closed","sticky":false,"template":"","format":"standard","meta":{"_acf_changed":false,"footnotes":""},"categories":[174],"tags":[175],"class_list":["post-7984","post","type-post","status-publish","format-standard","has-post-thumbnail","hentry","category-general","tag-kiez-en"],"acf":[],"yoast_head":"<!-- This site is optimized with the Yoast SEO plugin v27.5 - https:\/\/yoast.com\/product\/yoast-seo-wordpress\/ -->\n<title>KiEZ Klarenthal \u2013 a Place for Families that Connects and Strengthens - Volksbildungswerk Klarenthal e.V.<\/title>\n<meta name=\"robots\" content=\"index, follow, max-snippet:-1, max-image-preview:large, max-video-preview:-1\" \/>\n<link rel=\"canonical\" href=\"https:\/\/www.klarenthal-vbw.de\/en\/kiez-klarenthal-a-place-for-families-that-connects-and-strengthens\/\" \/>\n<meta property=\"og:locale\" content=\"en_US\" \/>\n<meta property=\"og:type\" content=\"article\" \/>\n<meta property=\"og:title\" content=\"KiEZ Klarenthal \u2013 a Place for Families that Connects and Strengthens - Volksbildungswerk Klarenthal e.V.\" \/>\n<meta property=\"og:description\" content=\"In the heart of the vibrant Klarenthal district, the KinderElternZentrum (KiEZ) offers a protected space for families with children aged 0 to 10. Here, parents and children not only find support, but also community and a wide range of educational opportunities. A Place for Meeting and Support The KiEZ Klarenthal sees itself as a point [&hellip;]\" \/>\n<meta property=\"og:url\" content=\"https:\/\/www.klarenthal-vbw.de\/en\/kiez-klarenthal-a-place-for-families-that-connects-and-strengthens\/\" \/>\n<meta property=\"og:site_name\" content=\"Volksbildungswerk Klarenthal e.V.\" \/>\n<meta property=\"article:published_time\" content=\"2025-05-08T09:51:55+00:00\" \/>\n<meta property=\"article:modified_time\" content=\"2025-07-30T10:48:01+00:00\" \/>\n<meta property=\"og:image\" content=\"https:\/\/www.klarenthal-vbw.de\/wp-content\/uploads\/2025\/04\/volksbildungswerk-kinder-familien-kletterwald.jpg\" \/>\n\t<meta property=\"og:image:width\" content=\"1618\" \/>\n\t<meta property=\"og:image:height\" content=\"1080\" \/>\n\t<meta property=\"og:image:type\" content=\"image\/jpeg\" \/>\n<meta name=\"author\" content=\"Yannick Zirngibl\" \/>\n<meta name=\"twitter:card\" content=\"summary_large_image\" \/>\n<meta name=\"twitter:label1\" content=\"Verfasst von\" \/>\n\t<meta name=\"twitter:data1\" content=\"Yannick Zirngibl\" \/>\n\t<meta name=\"twitter:label2\" content=\"Gesch\u00e4tzte Lesezeit\" \/>\n\t<meta name=\"twitter:data2\" content=\"1\u00a0Minute\" \/>\n<script type=\"application\/ld+json\" class=\"yoast-schema-graph\">{\"@context\":\"https:\\\/\\\/schema.org\",\"@graph\":[{\"@type\":\"Article\",\"@id\":\"https:\\\/\\\/www.klarenthal-vbw.de\\\/en\\\/kiez-klarenthal-a-place-for-families-that-connects-and-strengthens\\\/#article\",\"isPartOf\":{\"@id\":\"https:\\\/\\\/www.klarenthal-vbw.de\\\/en\\\/kiez-klarenthal-a-place-for-families-that-connects-and-strengthens\\\/\"},\"author\":{\"name\":\"Yannick Zirngibl\",\"@id\":\"https:\\\/\\\/www.klarenthal-vbw.de\\\/en\\\/#\\\/schema\\\/person\\\/61926364761a38ead2b3effa1ca30ab5\"},\"headline\":\"KiEZ Klarenthal \u2013 a Place for Families that Connects and Strengthens\",\"datePublished\":\"2025-05-08T09:51:55+00:00\",\"dateModified\":\"2025-07-30T10:48:01+00:00\",\"mainEntityOfPage\":{\"@id\":\"https:\\\/\\\/www.klarenthal-vbw.de\\\/en\\\/kiez-klarenthal-a-place-for-families-that-connects-and-strengthens\\\/\"},\"wordCount\":305,\"publisher\":{\"@id\":\"https:\\\/\\\/www.klarenthal-vbw.de\\\/en\\\/#organization\"},\"image\":{\"@id\":\"https:\\\/\\\/www.klarenthal-vbw.de\\\/en\\\/kiez-klarenthal-a-place-for-families-that-connects-and-strengthens\\\/#primaryimage\"},\"thumbnailUrl\":\"https:\\\/\\\/www.klarenthal-vbw.de\\\/wp-content\\\/uploads\\\/2025\\\/04\\\/volksbildungswerk-kinder-familien-kletterwald.jpg\",\"keywords\":[\"KiEZ\"],\"articleSection\":[\"General\"],\"inLanguage\":\"de\"},{\"@type\":\"WebPage\",\"@id\":\"https:\\\/\\\/www.klarenthal-vbw.de\\\/en\\\/kiez-klarenthal-a-place-for-families-that-connects-and-strengthens\\\/\",\"url\":\"https:\\\/\\\/www.klarenthal-vbw.de\\\/en\\\/kiez-klarenthal-a-place-for-families-that-connects-and-strengthens\\\/\",\"name\":\"KiEZ Klarenthal \u2013 a Place for Families that Connects and Strengthens - Volksbildungswerk Klarenthal e.V.\",\"isPartOf\":{\"@id\":\"https:\\\/\\\/www.klarenthal-vbw.de\\\/en\\\/#website\"},\"primaryImageOfPage\":{\"@id\":\"https:\\\/\\\/www.klarenthal-vbw.de\\\/en\\\/kiez-klarenthal-a-place-for-families-that-connects-and-strengthens\\\/#primaryimage\"},\"image\":{\"@id\":\"https:\\\/\\\/www.klarenthal-vbw.de\\\/en\\\/kiez-klarenthal-a-place-for-families-that-connects-and-strengthens\\\/#primaryimage\"},\"thumbnailUrl\":\"https:\\\/\\\/www.klarenthal-vbw.de\\\/wp-content\\\/uploads\\\/2025\\\/04\\\/volksbildungswerk-kinder-familien-kletterwald.jpg\",\"datePublished\":\"2025-05-08T09:51:55+00:00\",\"dateModified\":\"2025-07-30T10:48:01+00:00\",\"breadcrumb\":{\"@id\":\"https:\\\/\\\/www.klarenthal-vbw.de\\\/en\\\/kiez-klarenthal-a-place-for-families-that-connects-and-strengthens\\\/#breadcrumb\"},\"inLanguage\":\"de\",\"potentialAction\":[{\"@type\":\"ReadAction\",\"target\":[\"https:\\\/\\\/www.klarenthal-vbw.de\\\/en\\\/kiez-klarenthal-a-place-for-families-that-connects-and-strengthens\\\/\"]}]},{\"@type\":\"ImageObject\",\"inLanguage\":\"de\",\"@id\":\"https:\\\/\\\/www.klarenthal-vbw.de\\\/en\\\/kiez-klarenthal-a-place-for-families-that-connects-and-strengthens\\\/#primaryimage\",\"url\":\"https:\\\/\\\/www.klarenthal-vbw.de\\\/wp-content\\\/uploads\\\/2025\\\/04\\\/volksbildungswerk-kinder-familien-kletterwald.jpg\",\"contentUrl\":\"https:\\\/\\\/www.klarenthal-vbw.de\\\/wp-content\\\/uploads\\\/2025\\\/04\\\/volksbildungswerk-kinder-familien-kletterwald.jpg\",\"width\":1618,\"height\":1080,\"caption\":\"Ein Mann mit blauem Helm und Klettergurt steht l\u00e4chelnd auf einer Holzplattform in einem Hochseilgarten, w\u00e4hrend eine weitere Person mit orangefarbenem Helm im Vordergrund zu sehen ist, umgeben von B\u00e4umen.\"},{\"@type\":\"BreadcrumbList\",\"@id\":\"https:\\\/\\\/www.klarenthal-vbw.de\\\/en\\\/kiez-klarenthal-a-place-for-families-that-connects-and-strengthens\\\/#breadcrumb\",\"itemListElement\":[{\"@type\":\"ListItem\",\"position\":1,\"name\":\"Startseite\",\"item\":\"https:\\\/\\\/www.klarenthal-vbw.de\\\/en\\\/\"},{\"@type\":\"ListItem\",\"position\":2,\"name\":\"KiEZ Klarenthal \u2013 a Place for Families that Connects and Strengthens\"}]},{\"@type\":\"WebSite\",\"@id\":\"https:\\\/\\\/www.klarenthal-vbw.de\\\/en\\\/#website\",\"url\":\"https:\\\/\\\/www.klarenthal-vbw.de\\\/en\\\/\",\"name\":\"Volksbildungswerk Klarenthal e.V.\",\"description\":\"Chancen. Bildung. Perspektiven\",\"publisher\":{\"@id\":\"https:\\\/\\\/www.klarenthal-vbw.de\\\/en\\\/#organization\"},\"potentialAction\":[{\"@type\":\"SearchAction\",\"target\":{\"@type\":\"EntryPoint\",\"urlTemplate\":\"https:\\\/\\\/www.klarenthal-vbw.de\\\/en\\\/?s={search_term_string}\"},\"query-input\":{\"@type\":\"PropertyValueSpecification\",\"valueRequired\":true,\"valueName\":\"search_term_string\"}}],\"inLanguage\":\"de\"},{\"@type\":\"Organization\",\"@id\":\"https:\\\/\\\/www.klarenthal-vbw.de\\\/en\\\/#organization\",\"name\":\"Volksbildungswerk Klarenthal e.V.\",\"url\":\"https:\\\/\\\/www.klarenthal-vbw.de\\\/en\\\/\",\"logo\":{\"@type\":\"ImageObject\",\"inLanguage\":\"de\",\"@id\":\"https:\\\/\\\/www.klarenthal-vbw.de\\\/en\\\/#\\\/schema\\\/logo\\\/image\\\/\",\"url\":\"https:\\\/\\\/www.klarenthal-vbw.de\\\/wp-content\\\/uploads\\\/2025\\\/02\\\/logo.svg\",\"contentUrl\":\"https:\\\/\\\/www.klarenthal-vbw.de\\\/wp-content\\\/uploads\\\/2025\\\/02\\\/logo.svg\",\"caption\":\"Volksbildungswerk Klarenthal e.V.\"},\"image\":{\"@id\":\"https:\\\/\\\/www.klarenthal-vbw.de\\\/en\\\/#\\\/schema\\\/logo\\\/image\\\/\"}},{\"@type\":\"Person\",\"@id\":\"https:\\\/\\\/www.klarenthal-vbw.de\\\/en\\\/#\\\/schema\\\/person\\\/61926364761a38ead2b3effa1ca30ab5\",\"name\":\"Yannick Zirngibl\",\"sameAs\":[\"http:\\\/\\\/www.mediengewerk.de\"]}]}<\/script>\n<!-- \/ Yoast SEO plugin. -->","yoast_head_json":{"title":"KiEZ Klarenthal \u2013 a Place for Families that Connects and Strengthens - Volksbildungswerk Klarenthal e.V.","robots":{"index":"index","follow":"follow","max-snippet":"max-snippet:-1","max-image-preview":"max-image-preview:large","max-video-preview":"max-video-preview:-1"},"canonical":"https:\/\/www.klarenthal-vbw.de\/en\/kiez-klarenthal-a-place-for-families-that-connects-and-strengthens\/","og_locale":"en_US","og_type":"article","og_title":"KiEZ Klarenthal \u2013 a Place for Families that Connects and Strengthens - Volksbildungswerk Klarenthal e.V.","og_description":"In the heart of the vibrant Klarenthal district, the KinderElternZentrum (KiEZ) offers a protected space for families with children aged 0 to 10. Here, parents and children not only find support, but also community and a wide range of educational opportunities. A Place for Meeting and Support The KiEZ Klarenthal sees itself as a point [&hellip;]","og_url":"https:\/\/www.klarenthal-vbw.de\/en\/kiez-klarenthal-a-place-for-families-that-connects-and-strengthens\/","og_site_name":"Volksbildungswerk Klarenthal e.V.","article_published_time":"2025-05-08T09:51:55+00:00","article_modified_time":"2025-07-30T10:48:01+00:00","og_image":[{"width":1618,"height":1080,"url":"https:\/\/www.klarenthal-vbw.de\/wp-content\/uploads\/2025\/04\/volksbildungswerk-kinder-familien-kletterwald.jpg","type":"image\/jpeg"}],"author":"Yannick Zirngibl","twitter_card":"summary_large_image","twitter_misc":{"Verfasst von":"Yannick Zirngibl","Gesch\u00e4tzte Lesezeit":"1\u00a0Minute"},"schema":{"@context":"https:\/\/schema.org","@graph":[{"@type":"Article","@id":"https:\/\/www.klarenthal-vbw.de\/en\/kiez-klarenthal-a-place-for-families-that-connects-and-strengthens\/#article","isPartOf":{"@id":"https:\/\/www.klarenthal-vbw.de\/en\/kiez-klarenthal-a-place-for-families-that-connects-and-strengthens\/"},"author":{"name":"Yannick Zirngibl","@id":"https:\/\/www.klarenthal-vbw.de\/en\/#\/schema\/person\/61926364761a38ead2b3effa1ca30ab5"},"headline":"KiEZ Klarenthal \u2013 a Place for Families that Connects and Strengthens","datePublished":"2025-05-08T09:51:55+00:00","dateModified":"2025-07-30T10:48:01+00:00","mainEntityOfPage":{"@id":"https:\/\/www.klarenthal-vbw.de\/en\/kiez-klarenthal-a-place-for-families-that-connects-and-strengthens\/"},"wordCount":305,"publisher":{"@id":"https:\/\/www.klarenthal-vbw.de\/en\/#organization"},"image":{"@id":"https:\/\/www.klarenthal-vbw.de\/en\/kiez-klarenthal-a-place-for-families-that-connects-and-strengthens\/#primaryimage"},"thumbnailUrl":"https:\/\/www.klarenthal-vbw.de\/wp-content\/uploads\/2025\/04\/volksbildungswerk-kinder-familien-kletterwald.jpg","keywords":["KiEZ"],"articleSection":["General"],"inLanguage":"de"},{"@type":"WebPage","@id":"https:\/\/www.klarenthal-vbw.de\/en\/kiez-klarenthal-a-place-for-families-that-connects-and-strengthens\/","url":"https:\/\/www.klarenthal-vbw.de\/en\/kiez-klarenthal-a-place-for-families-that-connects-and-strengthens\/","name":"KiEZ Klarenthal \u2013 a Place for Families that Connects and Strengthens - Volksbildungswerk Klarenthal e.V.","isPartOf":{"@id":"https:\/\/www.klarenthal-vbw.de\/en\/#website"},"primaryImageOfPage":{"@id":"https:\/\/www.klarenthal-vbw.de\/en\/kiez-klarenthal-a-place-for-families-that-connects-and-strengthens\/#primaryimage"},"image":{"@id":"https:\/\/www.klarenthal-vbw.de\/en\/kiez-klarenthal-a-place-for-families-that-connects-and-strengthens\/#primaryimage"},"thumbnailUrl":"https:\/\/www.klarenthal-vbw.de\/wp-content\/uploads\/2025\/04\/volksbildungswerk-kinder-familien-kletterwald.jpg","datePublished":"2025-05-08T09:51:55+00:00","dateModified":"2025-07-30T10:48:01+00:00","breadcrumb":{"@id":"https:\/\/www.klarenthal-vbw.de\/en\/kiez-klarenthal-a-place-for-families-that-connects-and-strengthens\/#breadcrumb"},"inLanguage":"de","potentialAction":[{"@type":"ReadAction","target":["https:\/\/www.klarenthal-vbw.de\/en\/kiez-klarenthal-a-place-for-families-that-connects-and-strengthens\/"]}]},{"@type":"ImageObject","inLanguage":"de","@id":"https:\/\/www.klarenthal-vbw.de\/en\/kiez-klarenthal-a-place-for-families-that-connects-and-strengthens\/#primaryimage","url":"https:\/\/www.klarenthal-vbw.de\/wp-content\/uploads\/2025\/04\/volksbildungswerk-kinder-familien-kletterwald.jpg","contentUrl":"https:\/\/www.klarenthal-vbw.de\/wp-content\/uploads\/2025\/04\/volksbildungswerk-kinder-familien-kletterwald.jpg","width":1618,"height":1080,"caption":"Ein Mann mit blauem Helm und Klettergurt steht l\u00e4chelnd auf einer Holzplattform in einem Hochseilgarten, w\u00e4hrend eine weitere Person mit orangefarbenem Helm im Vordergrund zu sehen ist, umgeben von B\u00e4umen."},{"@type":"BreadcrumbList","@id":"https:\/\/www.klarenthal-vbw.de\/en\/kiez-klarenthal-a-place-for-families-that-connects-and-strengthens\/#breadcrumb","itemListElement":[{"@type":"ListItem","position":1,"name":"Startseite","item":"https:\/\/www.klarenthal-vbw.de\/en\/"},{"@type":"ListItem","position":2,"name":"KiEZ Klarenthal \u2013 a Place for Families that Connects and Strengthens"}]},{"@type":"WebSite","@id":"https:\/\/www.klarenthal-vbw.de\/en\/#website","url":"https:\/\/www.klarenthal-vbw.de\/en\/","name":"Volksbildungswerk Klarenthal e.V.","description":"Chancen. Bildung. Perspektiven","publisher":{"@id":"https:\/\/www.klarenthal-vbw.de\/en\/#organization"},"potentialAction":[{"@type":"SearchAction","target":{"@type":"EntryPoint","urlTemplate":"https:\/\/www.klarenthal-vbw.de\/en\/?s={search_term_string}"},"query-input":{"@type":"PropertyValueSpecification","valueRequired":true,"valueName":"search_term_string"}}],"inLanguage":"de"},{"@type":"Organization","@id":"https:\/\/www.klarenthal-vbw.de\/en\/#organization","name":"Volksbildungswerk Klarenthal e.V.","url":"https:\/\/www.klarenthal-vbw.de\/en\/","logo":{"@type":"ImageObject","inLanguage":"de","@id":"https:\/\/www.klarenthal-vbw.de\/en\/#\/schema\/logo\/image\/","url":"https:\/\/www.klarenthal-vbw.de\/wp-content\/uploads\/2025\/02\/logo.svg","contentUrl":"https:\/\/www.klarenthal-vbw.de\/wp-content\/uploads\/2025\/02\/logo.svg","caption":"Volksbildungswerk Klarenthal e.V."},"image":{"@id":"https:\/\/www.klarenthal-vbw.de\/en\/#\/schema\/logo\/image\/"}},{"@type":"Person","@id":"https:\/\/www.klarenthal-vbw.de\/en\/#\/schema\/person\/61926364761a38ead2b3effa1ca30ab5","name":"Yannick Zirngibl","sameAs":["http:\/\/www.mediengewerk.de"]}]}},"_links":{"self":[{"href":"https:\/\/www.klarenthal-vbw.de\/en\/wp-json\/wp\/v2\/posts\/7984","targetHints":{"allow":["GET"]}}],"collection":[{"href":"https:\/\/www.klarenthal-vbw.de\/en\/wp-json\/wp\/v2\/posts"}],"about":[{"href":"https:\/\/www.klarenthal-vbw.de\/en\/wp-json\/wp\/v2\/types\/post"}],"author":[{"embeddable":true,"href":"https:\/\/www.klarenthal-vbw.de\/en\/wp-json\/wp\/v2\/users\/8"}],"replies":[{"embeddable":true,"href":"https:\/\/www.klarenthal-vbw.de\/en\/wp-json\/wp\/v2\/comments?post=7984"}],"version-history":[{"count":0,"href":"https:\/\/www.klarenthal-vbw.de\/en\/wp-json\/wp\/v2\/posts\/7984\/revisions"}],"wp:featuredmedia":[{"embeddable":true,"href":"https:\/\/www.klarenthal-vbw.de\/en\/wp-json\/wp\/v2\/media\/6207"}],"wp:attachment":[{"href":"https:\/\/www.klarenthal-vbw.de\/en\/wp-json\/wp\/v2\/media?parent=7984"}],"wp:term":[{"taxonomy":"category","embeddable":true,"href":"https:\/\/www.klarenthal-vbw.de\/en\/wp-json\/wp\/v2\/categories?post=7984"},{"taxonomy":"post_tag","embeddable":true,"href":"https:\/\/www.klarenthal-vbw.de\/en\/wp-json\/wp\/v2\/tags?post=7984"}],"curies":[{"name":"wp","href":"https:\/\/api.w.org\/{rel}","templated":true}]}}