{"id":7996,"date":"2025-05-08T11:49:30","date_gmt":"2025-05-08T09:49:30","guid":{"rendered":"https:\/\/vbw.entwicklung-mediengewerk.de\/community-college-with-heart-educational-and-close-to-life-in-dotzheim-klarenthal-and-kohlheck\/"},"modified":"2025-07-30T12:48:38","modified_gmt":"2025-07-30T10:48:38","slug":"community-college-with-heart-educational-and-close-to-life-in-dotzheim-klarenthal-and-kohlheck","status":"publish","type":"post","link":"https:\/\/www.klarenthal-vbw.de\/en\/community-college-with-heart-educational-and-close-to-life-in-dotzheim-klarenthal-and-kohlheck\/","title":{"rendered":"Community College with Heart \u2013 Educational and Close to Life in Dotzheim, Klarenthal and Kohlheck"},"content":{"rendered":"\n<p>Education does not begin in the lecture hall and does not end with graduation. Education is curiosity, encounter, broadening horizons \u2013 a lifelong process. And that is exactly what we stand for: as a community college directly in the neighborhood, very close to the people in Dotzheim, Kohlheck and Klarenthal. We may not be the large community college in the city center \u2013 but we are right in the middle of it. In everyday life, in life, in conversation.    <\/p>\n\n<p>What distinguishes us is the direct line to the people. We know what is happening in the district, where interests lie and where doors need to be opened. Our offers are not created on the drawing board, but from contact with the participants \u2013 and you can feel that.  <\/p>\n\n<h2 class=\"wp-block-heading\">Journeys that Connect \u2013 Experience Education on the Go<\/h2>\n\n<p>A real highlight of our work are the day trips and educational trips. Whether it&#8217;s a trip into history, a tour of contemporary art or a look behind the scenes of an exciting place \u2013 our trips are more than just program items. They are experiences that educate, touch and connect.  <\/p>\n\n<p>Our trips bring people together, create community and new perspectives \u2013 regardless of whether you are traveling alone or with friends. And the best part: No one has to be an \u201cexpert\u201d with us. Our trips are open, inclusive, low-barrier and always organized with attention to detail.  <\/p>\n\n<h2 class=\"wp-block-heading\">What Makes our Community College Special<\/h2>\n\n<ul class=\"wp-block-list\">\n<li><strong>Close to the people<\/strong>: We know our districts, their topics and their strengths \u2013 and build on them.<\/li>\n\n\n\n<li><strong>Diverse and accessible<\/strong>: Whether language, culture, health or political education \u2013 we make offers that are relevant and affordable.<\/li>\n\n\n\n<li><strong>Small groups, big impact<\/strong>: With us, it&#8217;s not about the masses, but about the encounter. Personal, mindful and appreciative. <\/li>\n\n\n\n<li><strong>Travel with depth<\/strong>: Our day trips and educational trips are cleverly designed, lovingly accompanied and full of impressions that remain.<\/li>\n\n\n\n<li><strong>Education as an experience<\/strong>: It&#8217;s not about frontal teaching, but about discovering, questioning and marveling together.<\/li>\n<\/ul>\n\n<h2 class=\"wp-block-heading\">Education in the Neighborhood \u2013 That&#8217;s Us<\/h2>\n\n<p>In a time when education is often linked to certificates or career opportunities, we focus on a different understanding: education as participation. As an opportunity to better understand yourself and the world. As an invitation to dare to do new things \u2013 regardless of age, origin or prior knowledge.  <\/p>\n\n<p>We stand for a community college that opens doors \u2013 not deters. That listens instead of dictating. And that picks up people where they are: in the middle of life.  <\/p>\n\n<h2 class=\"wp-block-heading\">Conclusion: Education that Arrives \u2013 Because it is where People Live<\/h2>\n\n<p>Our local community college is a place of encounter, inspiration and shared learning. We are not loud, but present. Not big, but effective. And we are convinced: It is precisely this proximity that makes the difference. Because being on the pulse \u2013 that is sometimes worth more than any headquarters.    <\/p>\n\n<p>Come with us on a journey of discovery. In the district, in your head \u2013 or on the bus. <\/p>\n","protected":false},"excerpt":{"rendered":"<p>Education does not begin in the lecture hall and does not end with graduation. Education is curiosity, encounter, broadening horizons \u2013 a lifelong process. And that is exactly what we stand for: as a community college directly in the neighborhood, very close to the people in Dotzheim, Kohlheck and Klarenthal. We may not be the [&hellip;]<\/p>\n","protected":false},"author":8,"featured_media":6246,"comment_status":"closed","ping_status":"closed","sticky":false,"template":"","format":"standard","meta":{"_acf_changed":false,"footnotes":""},"categories":[174],"tags":[181],"class_list":["post-7996","post","type-post","status-publish","format-standard","has-post-thumbnail","hentry","category-general","tag-education-and-culture"],"acf":[],"yoast_head":"<!-- This site is optimized with the Yoast SEO plugin v27.5 - https:\/\/yoast.com\/product\/yoast-seo-wordpress\/ -->\n<title>Community College with Heart \u2013 Educational and Close to Life in Dotzheim, Klarenthal and Kohlheck - Volksbildungswerk Klarenthal e.V.<\/title>\n<meta name=\"robots\" content=\"index, follow, max-snippet:-1, max-image-preview:large, max-video-preview:-1\" \/>\n<link rel=\"canonical\" href=\"https:\/\/www.klarenthal-vbw.de\/en\/community-college-with-heart-educational-and-close-to-life-in-dotzheim-klarenthal-and-kohlheck\/\" \/>\n<meta property=\"og:locale\" content=\"en_US\" \/>\n<meta property=\"og:type\" content=\"article\" \/>\n<meta property=\"og:title\" content=\"Community College with Heart \u2013 Educational and Close to Life in Dotzheim, Klarenthal and Kohlheck - Volksbildungswerk Klarenthal e.V.\" \/>\n<meta property=\"og:description\" content=\"Education does not begin in the lecture hall and does not end with graduation. Education is curiosity, encounter, broadening horizons \u2013 a lifelong process. And that is exactly what we stand for: as a community college directly in the neighborhood, very close to the people in Dotzheim, Kohlheck and Klarenthal. We may not be the [&hellip;]\" \/>\n<meta property=\"og:url\" content=\"https:\/\/www.klarenthal-vbw.de\/en\/community-college-with-heart-educational-and-close-to-life-in-dotzheim-klarenthal-and-kohlheck\/\" \/>\n<meta property=\"og:site_name\" content=\"Volksbildungswerk Klarenthal e.V.\" \/>\n<meta property=\"article:published_time\" content=\"2025-05-08T09:49:30+00:00\" \/>\n<meta property=\"article:modified_time\" content=\"2025-07-30T10:48:38+00:00\" \/>\n<meta property=\"og:image\" content=\"https:\/\/www.klarenthal-vbw.de\/wp-content\/uploads\/2025\/04\/volksbildungswerk-gesellschaft-paulskirche.jpg\" \/>\n\t<meta property=\"og:image:width\" content=\"1620\" \/>\n\t<meta property=\"og:image:height\" content=\"1080\" \/>\n\t<meta property=\"og:image:type\" content=\"image\/jpeg\" \/>\n<meta name=\"author\" content=\"Yannick Zirngibl\" \/>\n<meta name=\"twitter:card\" content=\"summary_large_image\" \/>\n<meta name=\"twitter:label1\" content=\"Verfasst von\" \/>\n\t<meta name=\"twitter:data1\" content=\"Yannick Zirngibl\" \/>\n\t<meta name=\"twitter:label2\" content=\"Gesch\u00e4tzte Lesezeit\" \/>\n\t<meta name=\"twitter:data2\" content=\"2\u00a0Minuten\" \/>\n<script type=\"application\/ld+json\" class=\"yoast-schema-graph\">{\"@context\":\"https:\\\/\\\/schema.org\",\"@graph\":[{\"@type\":\"Article\",\"@id\":\"https:\\\/\\\/www.klarenthal-vbw.de\\\/en\\\/community-college-with-heart-educational-and-close-to-life-in-dotzheim-klarenthal-and-kohlheck\\\/#article\",\"isPartOf\":{\"@id\":\"https:\\\/\\\/www.klarenthal-vbw.de\\\/en\\\/community-college-with-heart-educational-and-close-to-life-in-dotzheim-klarenthal-and-kohlheck\\\/\"},\"author\":{\"name\":\"Yannick Zirngibl\",\"@id\":\"https:\\\/\\\/www.klarenthal-vbw.de\\\/en\\\/#\\\/schema\\\/person\\\/61926364761a38ead2b3effa1ca30ab5\"},\"headline\":\"Community College with Heart \u2013 Educational and Close to Life in Dotzheim, Klarenthal and Kohlheck\",\"datePublished\":\"2025-05-08T09:49:30+00:00\",\"dateModified\":\"2025-07-30T10:48:38+00:00\",\"mainEntityOfPage\":{\"@id\":\"https:\\\/\\\/www.klarenthal-vbw.de\\\/en\\\/community-college-with-heart-educational-and-close-to-life-in-dotzheim-klarenthal-and-kohlheck\\\/\"},\"wordCount\":503,\"publisher\":{\"@id\":\"https:\\\/\\\/www.klarenthal-vbw.de\\\/en\\\/#organization\"},\"image\":{\"@id\":\"https:\\\/\\\/www.klarenthal-vbw.de\\\/en\\\/community-college-with-heart-educational-and-close-to-life-in-dotzheim-klarenthal-and-kohlheck\\\/#primaryimage\"},\"thumbnailUrl\":\"https:\\\/\\\/www.klarenthal-vbw.de\\\/wp-content\\\/uploads\\\/2025\\\/04\\\/volksbildungswerk-gesellschaft-paulskirche.jpg\",\"keywords\":[\"Education and Culture\"],\"articleSection\":[\"General\"],\"inLanguage\":\"de\"},{\"@type\":\"WebPage\",\"@id\":\"https:\\\/\\\/www.klarenthal-vbw.de\\\/en\\\/community-college-with-heart-educational-and-close-to-life-in-dotzheim-klarenthal-and-kohlheck\\\/\",\"url\":\"https:\\\/\\\/www.klarenthal-vbw.de\\\/en\\\/community-college-with-heart-educational-and-close-to-life-in-dotzheim-klarenthal-and-kohlheck\\\/\",\"name\":\"Community College with Heart \u2013 Educational and Close to Life in Dotzheim, Klarenthal and Kohlheck - Volksbildungswerk Klarenthal e.V.\",\"isPartOf\":{\"@id\":\"https:\\\/\\\/www.klarenthal-vbw.de\\\/en\\\/#website\"},\"primaryImageOfPage\":{\"@id\":\"https:\\\/\\\/www.klarenthal-vbw.de\\\/en\\\/community-college-with-heart-educational-and-close-to-life-in-dotzheim-klarenthal-and-kohlheck\\\/#primaryimage\"},\"image\":{\"@id\":\"https:\\\/\\\/www.klarenthal-vbw.de\\\/en\\\/community-college-with-heart-educational-and-close-to-life-in-dotzheim-klarenthal-and-kohlheck\\\/#primaryimage\"},\"thumbnailUrl\":\"https:\\\/\\\/www.klarenthal-vbw.de\\\/wp-content\\\/uploads\\\/2025\\\/04\\\/volksbildungswerk-gesellschaft-paulskirche.jpg\",\"datePublished\":\"2025-05-08T09:49:30+00:00\",\"dateModified\":\"2025-07-30T10:48:38+00:00\",\"breadcrumb\":{\"@id\":\"https:\\\/\\\/www.klarenthal-vbw.de\\\/en\\\/community-college-with-heart-educational-and-close-to-life-in-dotzheim-klarenthal-and-kohlheck\\\/#breadcrumb\"},\"inLanguage\":\"de\",\"potentialAction\":[{\"@type\":\"ReadAction\",\"target\":[\"https:\\\/\\\/www.klarenthal-vbw.de\\\/en\\\/community-college-with-heart-educational-and-close-to-life-in-dotzheim-klarenthal-and-kohlheck\\\/\"]}]},{\"@type\":\"ImageObject\",\"inLanguage\":\"de\",\"@id\":\"https:\\\/\\\/www.klarenthal-vbw.de\\\/en\\\/community-college-with-heart-educational-and-close-to-life-in-dotzheim-klarenthal-and-kohlheck\\\/#primaryimage\",\"url\":\"https:\\\/\\\/www.klarenthal-vbw.de\\\/wp-content\\\/uploads\\\/2025\\\/04\\\/volksbildungswerk-gesellschaft-paulskirche.jpg\",\"contentUrl\":\"https:\\\/\\\/www.klarenthal-vbw.de\\\/wp-content\\\/uploads\\\/2025\\\/04\\\/volksbildungswerk-gesellschaft-paulskirche.jpg\",\"width\":1620,\"height\":1080,\"caption\":\"Die Paulskirche in Frankfurt am Main, ein rotes Sandsteingeb\u00e4ude mit einem runden Hauptteil und einem Turm mit gr\u00fcner Kuppel und goldenem Kreuz, unter einem blauen Himmel mit wei\u00dfen Wolken.\"},{\"@type\":\"BreadcrumbList\",\"@id\":\"https:\\\/\\\/www.klarenthal-vbw.de\\\/en\\\/community-college-with-heart-educational-and-close-to-life-in-dotzheim-klarenthal-and-kohlheck\\\/#breadcrumb\",\"itemListElement\":[{\"@type\":\"ListItem\",\"position\":1,\"name\":\"Startseite\",\"item\":\"https:\\\/\\\/www.klarenthal-vbw.de\\\/en\\\/\"},{\"@type\":\"ListItem\",\"position\":2,\"name\":\"Community College with Heart \u2013 Educational and Close to Life in Dotzheim, Klarenthal and Kohlheck\"}]},{\"@type\":\"WebSite\",\"@id\":\"https:\\\/\\\/www.klarenthal-vbw.de\\\/en\\\/#website\",\"url\":\"https:\\\/\\\/www.klarenthal-vbw.de\\\/en\\\/\",\"name\":\"Volksbildungswerk Klarenthal e.V.\",\"description\":\"Chancen. Bildung. Perspektiven\",\"publisher\":{\"@id\":\"https:\\\/\\\/www.klarenthal-vbw.de\\\/en\\\/#organization\"},\"potentialAction\":[{\"@type\":\"SearchAction\",\"target\":{\"@type\":\"EntryPoint\",\"urlTemplate\":\"https:\\\/\\\/www.klarenthal-vbw.de\\\/en\\\/?s={search_term_string}\"},\"query-input\":{\"@type\":\"PropertyValueSpecification\",\"valueRequired\":true,\"valueName\":\"search_term_string\"}}],\"inLanguage\":\"de\"},{\"@type\":\"Organization\",\"@id\":\"https:\\\/\\\/www.klarenthal-vbw.de\\\/en\\\/#organization\",\"name\":\"Volksbildungswerk Klarenthal e.V.\",\"url\":\"https:\\\/\\\/www.klarenthal-vbw.de\\\/en\\\/\",\"logo\":{\"@type\":\"ImageObject\",\"inLanguage\":\"de\",\"@id\":\"https:\\\/\\\/www.klarenthal-vbw.de\\\/en\\\/#\\\/schema\\\/logo\\\/image\\\/\",\"url\":\"https:\\\/\\\/www.klarenthal-vbw.de\\\/wp-content\\\/uploads\\\/2025\\\/02\\\/logo.svg\",\"contentUrl\":\"https:\\\/\\\/www.klarenthal-vbw.de\\\/wp-content\\\/uploads\\\/2025\\\/02\\\/logo.svg\",\"caption\":\"Volksbildungswerk Klarenthal e.V.\"},\"image\":{\"@id\":\"https:\\\/\\\/www.klarenthal-vbw.de\\\/en\\\/#\\\/schema\\\/logo\\\/image\\\/\"}},{\"@type\":\"Person\",\"@id\":\"https:\\\/\\\/www.klarenthal-vbw.de\\\/en\\\/#\\\/schema\\\/person\\\/61926364761a38ead2b3effa1ca30ab5\",\"name\":\"Yannick Zirngibl\",\"sameAs\":[\"http:\\\/\\\/www.mediengewerk.de\"]}]}<\/script>\n<!-- \/ Yoast SEO plugin. -->","yoast_head_json":{"title":"Community College with Heart \u2013 Educational and Close to Life in Dotzheim, Klarenthal and Kohlheck - Volksbildungswerk Klarenthal e.V.","robots":{"index":"index","follow":"follow","max-snippet":"max-snippet:-1","max-image-preview":"max-image-preview:large","max-video-preview":"max-video-preview:-1"},"canonical":"https:\/\/www.klarenthal-vbw.de\/en\/community-college-with-heart-educational-and-close-to-life-in-dotzheim-klarenthal-and-kohlheck\/","og_locale":"en_US","og_type":"article","og_title":"Community College with Heart \u2013 Educational and Close to Life in Dotzheim, Klarenthal and Kohlheck - Volksbildungswerk Klarenthal e.V.","og_description":"Education does not begin in the lecture hall and does not end with graduation. Education is curiosity, encounter, broadening horizons \u2013 a lifelong process. And that is exactly what we stand for: as a community college directly in the neighborhood, very close to the people in Dotzheim, Kohlheck and Klarenthal. We may not be the [&hellip;]","og_url":"https:\/\/www.klarenthal-vbw.de\/en\/community-college-with-heart-educational-and-close-to-life-in-dotzheim-klarenthal-and-kohlheck\/","og_site_name":"Volksbildungswerk Klarenthal e.V.","article_published_time":"2025-05-08T09:49:30+00:00","article_modified_time":"2025-07-30T10:48:38+00:00","og_image":[{"width":1620,"height":1080,"url":"https:\/\/www.klarenthal-vbw.de\/wp-content\/uploads\/2025\/04\/volksbildungswerk-gesellschaft-paulskirche.jpg","type":"image\/jpeg"}],"author":"Yannick Zirngibl","twitter_card":"summary_large_image","twitter_misc":{"Verfasst von":"Yannick Zirngibl","Gesch\u00e4tzte Lesezeit":"2\u00a0Minuten"},"schema":{"@context":"https:\/\/schema.org","@graph":[{"@type":"Article","@id":"https:\/\/www.klarenthal-vbw.de\/en\/community-college-with-heart-educational-and-close-to-life-in-dotzheim-klarenthal-and-kohlheck\/#article","isPartOf":{"@id":"https:\/\/www.klarenthal-vbw.de\/en\/community-college-with-heart-educational-and-close-to-life-in-dotzheim-klarenthal-and-kohlheck\/"},"author":{"name":"Yannick Zirngibl","@id":"https:\/\/www.klarenthal-vbw.de\/en\/#\/schema\/person\/61926364761a38ead2b3effa1ca30ab5"},"headline":"Community College with Heart \u2013 Educational and Close to Life in Dotzheim, Klarenthal and Kohlheck","datePublished":"2025-05-08T09:49:30+00:00","dateModified":"2025-07-30T10:48:38+00:00","mainEntityOfPage":{"@id":"https:\/\/www.klarenthal-vbw.de\/en\/community-college-with-heart-educational-and-close-to-life-in-dotzheim-klarenthal-and-kohlheck\/"},"wordCount":503,"publisher":{"@id":"https:\/\/www.klarenthal-vbw.de\/en\/#organization"},"image":{"@id":"https:\/\/www.klarenthal-vbw.de\/en\/community-college-with-heart-educational-and-close-to-life-in-dotzheim-klarenthal-and-kohlheck\/#primaryimage"},"thumbnailUrl":"https:\/\/www.klarenthal-vbw.de\/wp-content\/uploads\/2025\/04\/volksbildungswerk-gesellschaft-paulskirche.jpg","keywords":["Education and Culture"],"articleSection":["General"],"inLanguage":"de"},{"@type":"WebPage","@id":"https:\/\/www.klarenthal-vbw.de\/en\/community-college-with-heart-educational-and-close-to-life-in-dotzheim-klarenthal-and-kohlheck\/","url":"https:\/\/www.klarenthal-vbw.de\/en\/community-college-with-heart-educational-and-close-to-life-in-dotzheim-klarenthal-and-kohlheck\/","name":"Community College with Heart \u2013 Educational and Close to Life in Dotzheim, Klarenthal and Kohlheck - Volksbildungswerk Klarenthal e.V.","isPartOf":{"@id":"https:\/\/www.klarenthal-vbw.de\/en\/#website"},"primaryImageOfPage":{"@id":"https:\/\/www.klarenthal-vbw.de\/en\/community-college-with-heart-educational-and-close-to-life-in-dotzheim-klarenthal-and-kohlheck\/#primaryimage"},"image":{"@id":"https:\/\/www.klarenthal-vbw.de\/en\/community-college-with-heart-educational-and-close-to-life-in-dotzheim-klarenthal-and-kohlheck\/#primaryimage"},"thumbnailUrl":"https:\/\/www.klarenthal-vbw.de\/wp-content\/uploads\/2025\/04\/volksbildungswerk-gesellschaft-paulskirche.jpg","datePublished":"2025-05-08T09:49:30+00:00","dateModified":"2025-07-30T10:48:38+00:00","breadcrumb":{"@id":"https:\/\/www.klarenthal-vbw.de\/en\/community-college-with-heart-educational-and-close-to-life-in-dotzheim-klarenthal-and-kohlheck\/#breadcrumb"},"inLanguage":"de","potentialAction":[{"@type":"ReadAction","target":["https:\/\/www.klarenthal-vbw.de\/en\/community-college-with-heart-educational-and-close-to-life-in-dotzheim-klarenthal-and-kohlheck\/"]}]},{"@type":"ImageObject","inLanguage":"de","@id":"https:\/\/www.klarenthal-vbw.de\/en\/community-college-with-heart-educational-and-close-to-life-in-dotzheim-klarenthal-and-kohlheck\/#primaryimage","url":"https:\/\/www.klarenthal-vbw.de\/wp-content\/uploads\/2025\/04\/volksbildungswerk-gesellschaft-paulskirche.jpg","contentUrl":"https:\/\/www.klarenthal-vbw.de\/wp-content\/uploads\/2025\/04\/volksbildungswerk-gesellschaft-paulskirche.jpg","width":1620,"height":1080,"caption":"Die Paulskirche in Frankfurt am Main, ein rotes Sandsteingeb\u00e4ude mit einem runden Hauptteil und einem Turm mit gr\u00fcner Kuppel und goldenem Kreuz, unter einem blauen Himmel mit wei\u00dfen Wolken."},{"@type":"BreadcrumbList","@id":"https:\/\/www.klarenthal-vbw.de\/en\/community-college-with-heart-educational-and-close-to-life-in-dotzheim-klarenthal-and-kohlheck\/#breadcrumb","itemListElement":[{"@type":"ListItem","position":1,"name":"Startseite","item":"https:\/\/www.klarenthal-vbw.de\/en\/"},{"@type":"ListItem","position":2,"name":"Community College with Heart \u2013 Educational and Close to Life in Dotzheim, Klarenthal and Kohlheck"}]},{"@type":"WebSite","@id":"https:\/\/www.klarenthal-vbw.de\/en\/#website","url":"https:\/\/www.klarenthal-vbw.de\/en\/","name":"Volksbildungswerk Klarenthal e.V.","description":"Chancen. Bildung. Perspektiven","publisher":{"@id":"https:\/\/www.klarenthal-vbw.de\/en\/#organization"},"potentialAction":[{"@type":"SearchAction","target":{"@type":"EntryPoint","urlTemplate":"https:\/\/www.klarenthal-vbw.de\/en\/?s={search_term_string}"},"query-input":{"@type":"PropertyValueSpecification","valueRequired":true,"valueName":"search_term_string"}}],"inLanguage":"de"},{"@type":"Organization","@id":"https:\/\/www.klarenthal-vbw.de\/en\/#organization","name":"Volksbildungswerk Klarenthal e.V.","url":"https:\/\/www.klarenthal-vbw.de\/en\/","logo":{"@type":"ImageObject","inLanguage":"de","@id":"https:\/\/www.klarenthal-vbw.de\/en\/#\/schema\/logo\/image\/","url":"https:\/\/www.klarenthal-vbw.de\/wp-content\/uploads\/2025\/02\/logo.svg","contentUrl":"https:\/\/www.klarenthal-vbw.de\/wp-content\/uploads\/2025\/02\/logo.svg","caption":"Volksbildungswerk Klarenthal e.V."},"image":{"@id":"https:\/\/www.klarenthal-vbw.de\/en\/#\/schema\/logo\/image\/"}},{"@type":"Person","@id":"https:\/\/www.klarenthal-vbw.de\/en\/#\/schema\/person\/61926364761a38ead2b3effa1ca30ab5","name":"Yannick Zirngibl","sameAs":["http:\/\/www.mediengewerk.de"]}]}},"_links":{"self":[{"href":"https:\/\/www.klarenthal-vbw.de\/en\/wp-json\/wp\/v2\/posts\/7996","targetHints":{"allow":["GET"]}}],"collection":[{"href":"https:\/\/www.klarenthal-vbw.de\/en\/wp-json\/wp\/v2\/posts"}],"about":[{"href":"https:\/\/www.klarenthal-vbw.de\/en\/wp-json\/wp\/v2\/types\/post"}],"author":[{"embeddable":true,"href":"https:\/\/www.klarenthal-vbw.de\/en\/wp-json\/wp\/v2\/users\/8"}],"replies":[{"embeddable":true,"href":"https:\/\/www.klarenthal-vbw.de\/en\/wp-json\/wp\/v2\/comments?post=7996"}],"version-history":[{"count":0,"href":"https:\/\/www.klarenthal-vbw.de\/en\/wp-json\/wp\/v2\/posts\/7996\/revisions"}],"wp:featuredmedia":[{"embeddable":true,"href":"https:\/\/www.klarenthal-vbw.de\/en\/wp-json\/wp\/v2\/media\/6246"}],"wp:attachment":[{"href":"https:\/\/www.klarenthal-vbw.de\/en\/wp-json\/wp\/v2\/media?parent=7996"}],"wp:term":[{"taxonomy":"category","embeddable":true,"href":"https:\/\/www.klarenthal-vbw.de\/en\/wp-json\/wp\/v2\/categories?post=7996"},{"taxonomy":"post_tag","embeddable":true,"href":"https:\/\/www.klarenthal-vbw.de\/en\/wp-json\/wp\/v2\/tags?post=7996"}],"curies":[{"name":"wp","href":"https:\/\/api.w.org\/{rel}","templated":true}]}}